{"id":8783,"date":"2025-01-16T22:28:26","date_gmt":"2025-01-16T22:28:26","guid":{"rendered":"https:\/\/orchestra18c.com\/?p=8783"},"modified":"2025-01-28T08:18:24","modified_gmt":"2025-01-28T08:18:24","slug":"la-fedelta-premiata-january-17-premiere","status":"publish","type":"post","link":"https:\/\/orchestra18c.com\/en\/la-fedelta-premiata-17-januari-in-premiere\/","title":{"rendered":"La fedelt\u00e0 premiata premiered Jan. 17"},"content":{"rendered":"<p>Our new production with Dutch National Opera Academy, La fedelt\u00e0 premiata, premieres Friday, Jan. 17, at Amare in The Hague. Sunday is already sold out, but a few tickets are still available for Friday and Saturday. After that, the production will go on a short tour of the Netherlands to Leiden (Jan. 21), Haarlem (Jan. 22) and Alkmaar (Jan. 23).<\/p>\n<p style=\"text-align: right;\"><strong><em>\"Wonderful playing by the Orchestra of the Eighteenth Century under the baton of conductor Benjamin Perry Wenzelberg. Not so long ago he was Kenneth Montgomery's assistant when the orchestra provided the accompaniment for DNOA's performance of Haydn's L'isola disabitata<\/em>. The orchestra is fortunate that he in particular has taken over the baton from his illustrious predecessor.\"<\/strong><br \/>\n-<a href=\"https:\/\/www.operamagazine.nl\/recensies\/72865\/la-fedelta-premiata-dnoa-prima-ensemble\/\">Opera Magazine<\/a><\/p>\n<p>Soprano Elisa Maayeshi kept a 'cultural diary' for NRC. Read <a href=\"https:\/\/www.nrc.nl\/nieuws\/2025\/01\/22\/sopraan-te-huur-wie-biedt-schrijft-elisa-maayeshi-in-haar-cultuurdagboek-a4880503\">here<\/a> her experiences back.<\/p>\n<p>Read <a href=\"https:\/\/www.trouw.nl\/cultuur-media\/benjamin-wenzelberg-haydn-wilde-een-opera-maken-die-knalde~b27d69d6\/\">here<\/a> an interview with conductor Benjamin Perry Wenzelberg<\/p>","protected":false},"excerpt":{"rendered":"<p>Onze nieuwe productie met Dutch National Opera Academy, La fedelt\u00e0 premiata, gaat vrijdag 17 januari in premi\u00e8re in Amare in Den Haag. Zondag is al uitverkocht, maar voor vrijdag en zaterdag zijn nog een paar kaarten verkrijgbaar. Daarna gaat de productie op een korte tournee door Nederland naar Leiden (21 januari), Haarlem (22 januari) en [&hellip;]<\/p>\n","protected":false},"author":2,"featured_media":8800,"comment_status":"closed","ping_status":"closed","sticky":false,"template":"","format":"standard","meta":{"_acf_changed":false,"footnotes":""},"categories":[21,81],"tags":[],"class_list":["post-8783","post","type-post","status-publish","format-standard","has-post-thumbnail","hentry","category-concert","category-interview"],"acf":[],"yoast_head":"<!-- This site is optimized with the Yoast SEO plugin v28.4 - https:\/\/yoast.com\/product\/yoast-seo-wordpress\/ -->\n<title>La fedelt\u00e0 premiata 17 januari in premi\u00e8re - Orchestra18c<\/title>\n<meta name=\"robots\" content=\"index, follow, max-snippet:-1, max-image-preview:large, max-video-preview:-1\" \/>\n<link rel=\"canonical\" href=\"https:\/\/orchestra18c.com\/en\/la-fedelta-premiata-january-17-premiere\/\" \/>\n<meta property=\"og:locale\" content=\"en_US\" \/>\n<meta property=\"og:type\" content=\"article\" \/>\n<meta property=\"og:title\" content=\"La fedelt\u00e0 premiata 17 januari in premi\u00e8re - Orchestra18c\" \/>\n<meta property=\"og:description\" content=\"Onze nieuwe productie met Dutch National Opera Academy, La fedelt\u00e0 premiata, gaat vrijdag 17 januari in premi\u00e8re in Amare in Den Haag. Zondag is al uitverkocht, maar voor vrijdag en zaterdag zijn nog een paar kaarten verkrijgbaar. Daarna gaat de productie op een korte tournee door Nederland naar Leiden (21 januari), Haarlem (22 januari) en [&hellip;]\" \/>\n<meta property=\"og:url\" content=\"https:\/\/orchestra18c.com\/en\/la-fedelta-premiata-january-17-premiere\/\" \/>\n<meta property=\"og:site_name\" content=\"Orchestra18c\" \/>\n<meta property=\"article:publisher\" content=\"https:\/\/www.facebook.com\/Orchestra18C\" \/>\n<meta property=\"article:published_time\" content=\"2025-01-16T22:28:26+00:00\" \/>\n<meta property=\"article:modified_time\" content=\"2025-01-28T08:18:24+00:00\" \/>\n<meta property=\"og:image\" content=\"https:\/\/orchestra18c.com\/wp-content\/uploads\/2025\/01\/DNOA_02-scaled.jpg\" \/>\n\t<meta property=\"og:image:width\" content=\"2560\" \/>\n\t<meta property=\"og:image:height\" content=\"1707\" \/>\n\t<meta property=\"og:image:type\" content=\"image\/jpeg\" \/>\n<meta name=\"author\" content=\"Janko Duinker\" \/>\n<meta name=\"twitter:card\" content=\"summary_large_image\" \/>\n<meta name=\"twitter:creator\" content=\"@Orchestra18c\" \/>\n<meta name=\"twitter:site\" content=\"@Orchestra18c\" \/>\n<meta name=\"twitter:label1\" content=\"Written by\" \/>\n\t<meta name=\"twitter:data1\" content=\"Janko Duinker\" \/>\n\t<meta name=\"twitter:label2\" content=\"Est. reading time\" \/>\n\t<meta name=\"twitter:data2\" content=\"3 minutes\" \/>\n<script type=\"application\/ld+json\" class=\"yoast-schema-graph\">{\"@context\":\"https:\\\/\\\/schema.org\",\"@graph\":[{\"@type\":\"Article\",\"@id\":\"https:\\\/\\\/orchestra18c.com\\\/la-fedelta-premiata-17-januari-in-premiere\\\/#article\",\"isPartOf\":{\"@id\":\"https:\\\/\\\/orchestra18c.com\\\/la-fedelta-premiata-17-januari-in-premiere\\\/\"},\"author\":{\"name\":\"Janko Duinker\",\"@id\":\"https:\\\/\\\/orchestra18c.com\\\/#\\\/schema\\\/person\\\/d13e91fff761f4018cfd9b09554f1a6b\"},\"headline\":\"La fedelt\u00e0 premiata 17 januari in premi\u00e8re\",\"datePublished\":\"2025-01-16T22:28:26+00:00\",\"dateModified\":\"2025-01-28T08:18:24+00:00\",\"mainEntityOfPage\":{\"@id\":\"https:\\\/\\\/orchestra18c.com\\\/la-fedelta-premiata-17-januari-in-premiere\\\/\"},\"wordCount\":147,\"publisher\":{\"@id\":\"https:\\\/\\\/orchestra18c.com\\\/#organization\"},\"image\":{\"@id\":\"https:\\\/\\\/orchestra18c.com\\\/la-fedelta-premiata-17-januari-in-premiere\\\/#primaryimage\"},\"thumbnailUrl\":\"https:\\\/\\\/orchestra18c.com\\\/wp-content\\\/uploads\\\/2025\\\/01\\\/DNOA_02-scaled.jpg\",\"articleSection\":[\"Concert\",\"Interview\"],\"inLanguage\":\"en-US\"},{\"@type\":\"WebPage\",\"@id\":\"https:\\\/\\\/orchestra18c.com\\\/la-fedelta-premiata-17-januari-in-premiere\\\/\",\"url\":\"https:\\\/\\\/orchestra18c.com\\\/la-fedelta-premiata-17-januari-in-premiere\\\/\",\"name\":\"La fedelt\u00e0 premiata 17 januari in premi\u00e8re - Orchestra18c\",\"isPartOf\":{\"@id\":\"https:\\\/\\\/orchestra18c.com\\\/#website\"},\"primaryImageOfPage\":{\"@id\":\"https:\\\/\\\/orchestra18c.com\\\/la-fedelta-premiata-17-januari-in-premiere\\\/#primaryimage\"},\"image\":{\"@id\":\"https:\\\/\\\/orchestra18c.com\\\/la-fedelta-premiata-17-januari-in-premiere\\\/#primaryimage\"},\"thumbnailUrl\":\"https:\\\/\\\/orchestra18c.com\\\/wp-content\\\/uploads\\\/2025\\\/01\\\/DNOA_02-scaled.jpg\",\"datePublished\":\"2025-01-16T22:28:26+00:00\",\"dateModified\":\"2025-01-28T08:18:24+00:00\",\"inLanguage\":\"en-US\",\"potentialAction\":[{\"@type\":\"ReadAction\",\"target\":[\"https:\\\/\\\/orchestra18c.com\\\/la-fedelta-premiata-17-januari-in-premiere\\\/\"]}]},{\"@type\":\"ImageObject\",\"inLanguage\":\"en-US\",\"@id\":\"https:\\\/\\\/orchestra18c.com\\\/la-fedelta-premiata-17-januari-in-premiere\\\/#primaryimage\",\"url\":\"https:\\\/\\\/orchestra18c.com\\\/wp-content\\\/uploads\\\/2025\\\/01\\\/DNOA_02-scaled.jpg\",\"contentUrl\":\"https:\\\/\\\/orchestra18c.com\\\/wp-content\\\/uploads\\\/2025\\\/01\\\/DNOA_02-scaled.jpg\",\"width\":2560,\"height\":1707},{\"@type\":\"WebSite\",\"@id\":\"https:\\\/\\\/orchestra18c.com\\\/#website\",\"url\":\"https:\\\/\\\/orchestra18c.com\\\/\",\"name\":\"Orchestra18c\",\"description\":\"Orkest van de Achttiende Eeuw\",\"publisher\":{\"@id\":\"https:\\\/\\\/orchestra18c.com\\\/#organization\"},\"potentialAction\":[{\"@type\":\"SearchAction\",\"target\":{\"@type\":\"EntryPoint\",\"urlTemplate\":\"https:\\\/\\\/orchestra18c.com\\\/?s={search_term_string}\"},\"query-input\":{\"@type\":\"PropertyValueSpecification\",\"valueRequired\":true,\"valueName\":\"search_term_string\"}}],\"inLanguage\":\"en-US\"},{\"@type\":\"Organization\",\"@id\":\"https:\\\/\\\/orchestra18c.com\\\/#organization\",\"name\":\"Orchestra of the Eighteenth Century\",\"url\":\"https:\\\/\\\/orchestra18c.com\\\/\",\"logo\":{\"@type\":\"ImageObject\",\"inLanguage\":\"en-US\",\"@id\":\"https:\\\/\\\/orchestra18c.com\\\/#\\\/schema\\\/logo\\\/image\\\/\",\"url\":\"https:\\\/\\\/orchestra18c.com\\\/wp-content\\\/uploads\\\/2023\\\/09\\\/Orchesta_Eighteenth_Century.png\",\"contentUrl\":\"https:\\\/\\\/orchestra18c.com\\\/wp-content\\\/uploads\\\/2023\\\/09\\\/Orchesta_Eighteenth_Century.png\",\"width\":929,\"height\":929,\"caption\":\"Orchestra of the Eighteenth Century\"},\"image\":{\"@id\":\"https:\\\/\\\/orchestra18c.com\\\/#\\\/schema\\\/logo\\\/image\\\/\"},\"sameAs\":[\"https:\\\/\\\/www.facebook.com\\\/Orchestra18C\",\"https:\\\/\\\/x.com\\\/Orchestra18c\",\"https:\\\/\\\/www.instagram.com\\\/orchestra18c\\\/\"]},{\"@type\":\"Person\",\"@id\":\"https:\\\/\\\/orchestra18c.com\\\/#\\\/schema\\\/person\\\/d13e91fff761f4018cfd9b09554f1a6b\",\"name\":\"Janko Duinker\",\"image\":{\"@type\":\"ImageObject\",\"inLanguage\":\"en-US\",\"@id\":\"https:\\\/\\\/secure.gravatar.com\\\/avatar\\\/6478f951c3ebf920b39de3a29fb20c9410297ef417883ade52543e59460db54f?s=96&d=mm&r=g\",\"url\":\"https:\\\/\\\/secure.gravatar.com\\\/avatar\\\/6478f951c3ebf920b39de3a29fb20c9410297ef417883ade52543e59460db54f?s=96&d=mm&r=g\",\"contentUrl\":\"https:\\\/\\\/secure.gravatar.com\\\/avatar\\\/6478f951c3ebf920b39de3a29fb20c9410297ef417883ade52543e59460db54f?s=96&d=mm&r=g\",\"caption\":\"Janko Duinker\"},\"url\":\"https:\\\/\\\/orchestra18c.com\\\/en\\\/author\\\/janko-cms-orchestra18c\\\/\"}]}<\/script>\n<!-- \/ Yoast SEO plugin. -->","yoast_head_json":{"title":"La fedelt\u00e0 premiata premiered Jan. 17 - Orchestra18c","robots":{"index":"index","follow":"follow","max-snippet":"max-snippet:-1","max-image-preview":"max-image-preview:large","max-video-preview":"max-video-preview:-1"},"canonical":"https:\/\/orchestra18c.com\/en\/la-fedelta-premiata-january-17-premiere\/","og_locale":"en_US","og_type":"article","og_title":"La fedelt\u00e0 premiata 17 januari in premi\u00e8re - Orchestra18c","og_description":"Onze nieuwe productie met Dutch National Opera Academy, La fedelt\u00e0 premiata, gaat vrijdag 17 januari in premi\u00e8re in Amare in Den Haag. Zondag is al uitverkocht, maar voor vrijdag en zaterdag zijn nog een paar kaarten verkrijgbaar. Daarna gaat de productie op een korte tournee door Nederland naar Leiden (21 januari), Haarlem (22 januari) en [&hellip;]","og_url":"https:\/\/orchestra18c.com\/en\/la-fedelta-premiata-january-17-premiere\/","og_site_name":"Orchestra18c","article_publisher":"https:\/\/www.facebook.com\/Orchestra18C","article_published_time":"2025-01-16T22:28:26+00:00","article_modified_time":"2025-01-28T08:18:24+00:00","og_image":[{"width":2560,"height":1707,"url":"https:\/\/orchestra18c.com\/wp-content\/uploads\/2025\/01\/DNOA_02-scaled.jpg","type":"image\/jpeg"}],"author":"Janko Duinker","twitter_card":"summary_large_image","twitter_creator":"@Orchestra18c","twitter_site":"@Orchestra18c","twitter_misc":{"Written by":"Janko Duinker","Est. reading time":"3 minutes"},"schema":{"@context":"https:\/\/schema.org","@graph":[{"@type":"Article","@id":"https:\/\/orchestra18c.com\/la-fedelta-premiata-17-januari-in-premiere\/#article","isPartOf":{"@id":"https:\/\/orchestra18c.com\/la-fedelta-premiata-17-januari-in-premiere\/"},"author":{"name":"Janko Duinker","@id":"https:\/\/orchestra18c.com\/#\/schema\/person\/d13e91fff761f4018cfd9b09554f1a6b"},"headline":"La fedelt\u00e0 premiata 17 januari in premi\u00e8re","datePublished":"2025-01-16T22:28:26+00:00","dateModified":"2025-01-28T08:18:24+00:00","mainEntityOfPage":{"@id":"https:\/\/orchestra18c.com\/la-fedelta-premiata-17-januari-in-premiere\/"},"wordCount":147,"publisher":{"@id":"https:\/\/orchestra18c.com\/#organization"},"image":{"@id":"https:\/\/orchestra18c.com\/la-fedelta-premiata-17-januari-in-premiere\/#primaryimage"},"thumbnailUrl":"https:\/\/orchestra18c.com\/wp-content\/uploads\/2025\/01\/DNOA_02-scaled.jpg","articleSection":["Concert","Interview"],"inLanguage":"en-US"},{"@type":"WebPage","@id":"https:\/\/orchestra18c.com\/la-fedelta-premiata-17-januari-in-premiere\/","url":"https:\/\/orchestra18c.com\/la-fedelta-premiata-17-januari-in-premiere\/","name":"La fedelt\u00e0 premiata premiered Jan. 17 - Orchestra18c","isPartOf":{"@id":"https:\/\/orchestra18c.com\/#website"},"primaryImageOfPage":{"@id":"https:\/\/orchestra18c.com\/la-fedelta-premiata-17-januari-in-premiere\/#primaryimage"},"image":{"@id":"https:\/\/orchestra18c.com\/la-fedelta-premiata-17-januari-in-premiere\/#primaryimage"},"thumbnailUrl":"https:\/\/orchestra18c.com\/wp-content\/uploads\/2025\/01\/DNOA_02-scaled.jpg","datePublished":"2025-01-16T22:28:26+00:00","dateModified":"2025-01-28T08:18:24+00:00","inLanguage":"en-US","potentialAction":[{"@type":"ReadAction","target":["https:\/\/orchestra18c.com\/la-fedelta-premiata-17-januari-in-premiere\/"]}]},{"@type":"ImageObject","inLanguage":"en-US","@id":"https:\/\/orchestra18c.com\/la-fedelta-premiata-17-januari-in-premiere\/#primaryimage","url":"https:\/\/orchestra18c.com\/wp-content\/uploads\/2025\/01\/DNOA_02-scaled.jpg","contentUrl":"https:\/\/orchestra18c.com\/wp-content\/uploads\/2025\/01\/DNOA_02-scaled.jpg","width":2560,"height":1707},{"@type":"WebSite","@id":"https:\/\/orchestra18c.com\/#website","url":"https:\/\/orchestra18c.com\/","name":"Orchestra18c","description":"Orchestra of the Eighteenth Century","publisher":{"@id":"https:\/\/orchestra18c.com\/#organization"},"potentialAction":[{"@type":"SearchAction","target":{"@type":"EntryPoint","urlTemplate":"https:\/\/orchestra18c.com\/?s={search_term_string}"},"query-input":{"@type":"PropertyValueSpecification","valueRequired":true,"valueName":"search_term_string"}}],"inLanguage":"en-US"},{"@type":"Organization","@id":"https:\/\/orchestra18c.com\/#organization","name":"Orchestra of the Eighteenth Century","url":"https:\/\/orchestra18c.com\/","logo":{"@type":"ImageObject","inLanguage":"en-US","@id":"https:\/\/orchestra18c.com\/#\/schema\/logo\/image\/","url":"https:\/\/orchestra18c.com\/wp-content\/uploads\/2023\/09\/Orchesta_Eighteenth_Century.png","contentUrl":"https:\/\/orchestra18c.com\/wp-content\/uploads\/2023\/09\/Orchesta_Eighteenth_Century.png","width":929,"height":929,"caption":"Orchestra of the Eighteenth Century"},"image":{"@id":"https:\/\/orchestra18c.com\/#\/schema\/logo\/image\/"},"sameAs":["https:\/\/www.facebook.com\/Orchestra18C","https:\/\/x.com\/Orchestra18c","https:\/\/www.instagram.com\/orchestra18c\/"]},{"@type":"Person","@id":"https:\/\/orchestra18c.com\/#\/schema\/person\/d13e91fff761f4018cfd9b09554f1a6b","name":"Janko Duinker","image":{"@type":"ImageObject","inLanguage":"en-US","@id":"https:\/\/secure.gravatar.com\/avatar\/6478f951c3ebf920b39de3a29fb20c9410297ef417883ade52543e59460db54f?s=96&d=mm&r=g","url":"https:\/\/secure.gravatar.com\/avatar\/6478f951c3ebf920b39de3a29fb20c9410297ef417883ade52543e59460db54f?s=96&d=mm&r=g","contentUrl":"https:\/\/secure.gravatar.com\/avatar\/6478f951c3ebf920b39de3a29fb20c9410297ef417883ade52543e59460db54f?s=96&d=mm&r=g","caption":"Janko Duinker"},"url":"https:\/\/orchestra18c.com\/en\/author\/janko-cms-orchestra18c\/"}]}},"_links":{"self":[{"href":"https:\/\/orchestra18c.com\/en\/wp-json\/wp\/v2\/posts\/8783","targetHints":{"allow":["GET"]}}],"collection":[{"href":"https:\/\/orchestra18c.com\/en\/wp-json\/wp\/v2\/posts"}],"about":[{"href":"https:\/\/orchestra18c.com\/en\/wp-json\/wp\/v2\/types\/post"}],"author":[{"embeddable":true,"href":"https:\/\/orchestra18c.com\/en\/wp-json\/wp\/v2\/users\/2"}],"replies":[{"embeddable":true,"href":"https:\/\/orchestra18c.com\/en\/wp-json\/wp\/v2\/comments?post=8783"}],"version-history":[{"count":4,"href":"https:\/\/orchestra18c.com\/en\/wp-json\/wp\/v2\/posts\/8783\/revisions"}],"predecessor-version":[{"id":8804,"href":"https:\/\/orchestra18c.com\/en\/wp-json\/wp\/v2\/posts\/8783\/revisions\/8804"}],"wp:featuredmedia":[{"embeddable":true,"href":"https:\/\/orchestra18c.com\/en\/wp-json\/wp\/v2\/media\/8800"}],"wp:attachment":[{"href":"https:\/\/orchestra18c.com\/en\/wp-json\/wp\/v2\/media?parent=8783"}],"wp:term":[{"taxonomy":"category","embeddable":true,"href":"https:\/\/orchestra18c.com\/en\/wp-json\/wp\/v2\/categories?post=8783"},{"taxonomy":"post_tag","embeddable":true,"href":"https:\/\/orchestra18c.com\/en\/wp-json\/wp\/v2\/tags?post=8783"}],"curies":[{"name":"wp","href":"https:\/\/api.w.org\/{rel}","templated":true}]}}